{"id":827,"date":"2020-04-12T13:37:02","date_gmt":"2020-04-12T11:37:02","guid":{"rendered":"http:\/\/www.scouts284.org\/?p=827"},"modified":"2020-04-12T14:59:43","modified_gmt":"2020-04-12T12:59:43","slug":"el-pater-nos-felicita-la-pascua","status":"publish","type":"post","link":"https:\/\/www.scouts284.org\/index.php\/2020\/04\/12\/el-pater-nos-felicita-la-pascua\/","title":{"rendered":"El Pater nos felicita la Pascua"},"content":{"rendered":"\n<h2 class=\"wp-block-heading\">\u00a1Feliz Pascua de Resurrecci\u00f3n!<\/h2>\n\n\n\n<p>En la inmensa alegr\u00eda de celebrar el Domingo de Resurrecci\u00f3n, sentimos tambi\u00e9n una enorme alegr\u00eda de recibir este mensaje en v\u00eddeo del Pater, el padre Jos\u00e9 Luis, que fund\u00f3 el Grupo Scout junto con Pepe y Mavi hace ahora 45 a\u00f1os.<\/p>\n\n\n\n<p>El Pater ha estado enfermo de coronavirus, pero ya se est\u00e1 recuperando poco a poco, gracias a Dios. Escuchemos lo que nos dice:<\/p>\n\n\n\n<figure class=\"wp-block-embed-youtube wp-block-embed is-type-video is-provider-youtube wp-embed-aspect-16-9 wp-has-aspect-ratio\"><div class=\"wp-block-embed__wrapper\">\n<iframe loading=\"lazy\" title=\"Pater 284\" width=\"750\" height=\"422\" src=\"https:\/\/www.youtube.com\/embed\/IrSQTggsrps?feature=oembed\" frameborder=\"0\" allow=\"accelerometer; autoplay; encrypted-media; gyroscope; picture-in-picture\" allowfullscreen><\/iframe>\n<\/div><\/figure>\n\n\n\n<blockquote class=\"wp-block-quote is-layout-flow wp-block-quote-is-layout-flow\"><p>Queridos scouts del 284 Reina del Cielo:<\/p><p>Tambi\u00e9n a nosotros, como a las mujeres que acudieron al sepulcro, van dirigidas estas palabras: \u00ab\u00bfPor qu\u00e9 busc\u00e1is entre los muertos al que vive? No est\u00e1 aqu\u00ed, ha resucitado\u00bb.<\/p><p>La muerte, la soledad y el miedo ya no son la \u00faltima palabra. Hay una palabra que va m\u00e1s all\u00e1 y que s\u00f3lo Dios puede pronunciar: esta palabra es \u00abresurrecci\u00f3n\u00bb. Ella, con la fuerza del amor de Dios, ahuyenta los pecados, lava las culpas, devuelve la inocencia a los ca\u00eddos, la alegr\u00eda a los tristes, expulsa el odio, trae la concordia, doblega a los poderosos.<\/p><p>\u00a1Feliz Pascua de Resurrecci\u00f3n! A todos, a todas, a todo el Grupo, a toda la Comunidad. Que os bendiga Dios todopoderoso, en esta solemne noche d Pascua, y que su misericordia os guarde de todo pecado, Am\u00e9n.<\/p><p>\u00c9l, que ha redimido por la resurrecci\u00f3n de Jesucristo, os enriquezca con el premio de la vida eterna. Y a vosotros, que al terminar los d\u00edas de la pasi\u00f3n del Se\u00f1or, celebr\u00e1is con gozo la fiesta de Pascua, os conceda tambi\u00e9n alegraros con el gozo de la Pascua Eterna.<\/p><p>La bendici\u00f3n de Dios todopoderoso, Padre, Hijo y Esp\u00edritu Santo, descienda sobre vosotros. Am\u00e9n.<\/p><p>\u00a1Feliz servicio!<\/p><cite>Mensaje del Padre Jos\u00e9 Luis Hu\u00e9scar, el Pater, el Domingo de Resurrecci\u00f3n de 2020<\/cite><\/blockquote>\n\n\n\n<p>\u00a1Aleluya!<\/p>\n","protected":false},"excerpt":{"rendered":"<p>\u00a1Feliz Pascua de Resurrecci\u00f3n! En la inmensa alegr\u00eda de celebrar el Domingo de Resurrecci\u00f3n, sentimos tambi\u00e9n una enorme alegr\u00eda de recibir este mensaje en v\u00eddeo del Pater, el padre Jos\u00e9 Luis, que fund\u00f3 el Grupo Scout junto con Pepe y Mavi hace ahora 45 a\u00f1os. El Pater ha estado enfermo [&hellip;]<\/p>\n","protected":false},"author":2,"featured_media":0,"comment_status":"closed","ping_status":"open","sticky":false,"template":"","format":"standard","meta":{"_jetpack_memberships_contains_paid_content":false,"footnotes":""},"categories":[7],"tags":[],"class_list":["post-827","post","type-post","status-publish","format-standard","hentry","category-ronda-solar-2019-2020"],"jetpack_featured_media_url":"","jetpack_sharing_enabled":true,"_links":{"self":[{"href":"https:\/\/www.scouts284.org\/index.php\/wp-json\/wp\/v2\/posts\/827","targetHints":{"allow":["GET"]}}],"collection":[{"href":"https:\/\/www.scouts284.org\/index.php\/wp-json\/wp\/v2\/posts"}],"about":[{"href":"https:\/\/www.scouts284.org\/index.php\/wp-json\/wp\/v2\/types\/post"}],"author":[{"embeddable":true,"href":"https:\/\/www.scouts284.org\/index.php\/wp-json\/wp\/v2\/users\/2"}],"replies":[{"embeddable":true,"href":"https:\/\/www.scouts284.org\/index.php\/wp-json\/wp\/v2\/comments?post=827"}],"version-history":[{"count":3,"href":"https:\/\/www.scouts284.org\/index.php\/wp-json\/wp\/v2\/posts\/827\/revisions"}],"predecessor-version":[{"id":830,"href":"https:\/\/www.scouts284.org\/index.php\/wp-json\/wp\/v2\/posts\/827\/revisions\/830"}],"wp:attachment":[{"href":"https:\/\/www.scouts284.org\/index.php\/wp-json\/wp\/v2\/media?parent=827"}],"wp:term":[{"taxonomy":"category","embeddable":true,"href":"https:\/\/www.scouts284.org\/index.php\/wp-json\/wp\/v2\/categories?post=827"},{"taxonomy":"post_tag","embeddable":true,"href":"https:\/\/www.scouts284.org\/index.php\/wp-json\/wp\/v2\/tags?post=827"}],"curies":[{"name":"wp","href":"https:\/\/api.w.org\/{rel}","templated":true}]}}