{"id":4074,"date":"2026-08-31T23:07:43","date_gmt":"2026-08-31T21:07:43","guid":{"rendered":"https:\/\/www.scouts284.org\/?p=4074"},"modified":"2026-09-01T00:00:50","modified_gmt":"2026-08-31T22:00:50","slug":"inscripciones-ronda-solar-2026-2027","status":"publish","type":"post","link":"https:\/\/www.scouts284.org\/index.php\/2026\/08\/31\/inscripciones-ronda-solar-2026-2027\/","title":{"rendered":"\ud83d\udce2 Inscripciones para la Ronda Solar 2026-2027 \u269c\ufe0f"},"content":{"rendered":"<p>\u00a1\u00a1Hola familias!!<\/p>\n<p>\u00a1\u00a1Buenos d\u00edas campamento!! \u00a1Ya se acaba el verano y es el momento de volver a la actividad!<\/p>\n<p>A\u00fan tenemos en la cabeza el estupendo campamento de verano de Villaviciosa 2026, y el descanso de agosto, (y, por cierto, ya est\u00e1n subidas los \u00e1lbumes de fotos de los raids al <a href=\"https:\/\/www.scouts284.org\/index.php\/campamento-virtual-villaviciosa-2026\/\">Campamento Virtual<\/a> y dos de las tres canciones del podio del Festival a <a href=\"https:\/\/www.scouts284.org\/index.php\/musica-del-grupo-scout-284\/\">Scoutify<\/a>), llega la \u00abvuelta al cole\u00bb y&#8230; <strong>\u00a1abrimos las inscripciones para la Ronda Solar 2026-2027!<\/strong><\/p>\n<p><em>\u00bfCu\u00e1ndo?<\/em> Las inscripciones estar\u00e1n abiertas <strong>desde el martes 1 al domingo 13 de septiembre a las 23:59<\/strong>.<\/p>\n<p><em>\u00bfC\u00f3mo funciona?<\/em> Este documento explica el <strong>proceso<\/strong>, que es el mismo que en las Rondas anteriores:<\/p>\n<p><a href=\"https:\/\/www.scouts284.org\/wp-content\/uploads\/2022\/09\/Comunicado-nuevo-proceso-de-Admisiones-GS-284-RS-22_23.pdf\">Comunicado nuevo proceso de Admisiones GS 284 RS 22_23<\/a><\/p>\n<p><em>\u00bfD\u00f3nde?<\/em> Este es el <strong>formulario<\/strong> para apuntarse:<\/p>\n<p><a href=\"https:\/\/docs.google.com\/forms\/d\/e\/1FAIpQLSfVHhkCB__7kEtBZtOWUZEjqT71QNwIcQDfi3von3FeD3mA5g\/viewform?pli=1\">https:\/\/docs.google.com\/forms\/d\/e\/1FAIpQLSfVHhkCB__7kEtBZtOWUZEjqT71QNwIcQDfi3von3FeD3mA5g\/viewform?pli=1<\/a><\/p>\n<p><em>\u00bfCu\u00e1ndo me dir\u00e1n algo?<\/em> Tras finalizar el plazo de inscripci\u00f3n se analizan las listas, se reparten los ni\u00f1os entre las unidades y, <strong>entre el lunes 21 y el mi\u00e9rcoles 30 de septiembre<\/strong>, si vuestro hijo ha sido admitido los scouters (monitores) os llamar\u00e1n para informaros de en qu\u00e9 unidad est\u00e1 (no os asust\u00e9is, todos los nombres de unidades son muy raros \ud83d\ude09). Si no ha llegado a entrar y est\u00e1 en la lista de espera os enviar\u00e1n un correo desde Secretar\u00eda.<\/p>\n<p><em>\u00bfCu\u00e1ndo empezamos?<\/em> La inauguraci\u00f3n de la Ronda Solar ser\u00e1 el <strong>s\u00e1bado 3 de octubre<\/strong> por la tarde.<\/p>\n<p>\u00a1Aprovechamos para dar la <strong>bienvenida<\/strong> al Grupo a todos los nuevos miembros, y esperamos que esta ser\u00e1 una gran Ronda Solar para disfrutar de la gran aventura del escultismo!<\/p>\n<p>\u00a1\u00a1Buena caza y largas lunas!!<\/p>\n<p>SLPS<\/p>\n\n\n<p class=\"wp-block-paragraph\"><\/p>\n","protected":false},"excerpt":{"rendered":"<p>\u00a1\u00a1Hola familias!! \u00a1\u00a1Buenos d\u00edas campamento!! \u00a1Ya se acaba el verano y es el momento de volver a la actividad! A\u00fan tenemos en la cabeza el estupendo campamento de verano de Villaviciosa 2026, y el descanso de agosto, (y, por cierto, ya est\u00e1n subidas los \u00e1lbumes de fotos de los raids [&hellip;]<\/p>\n","protected":false},"author":2,"featured_media":4087,"comment_status":"closed","ping_status":"open","sticky":false,"template":"","format":"standard","meta":{"_jetpack_newsletter_access":"","_jetpack_dont_email_post_to_subs":false,"_jetpack_newsletter_tier_id":0,"_jetpack_memberships_contains_paywalled_content":false,"_jetpack_memberships_contains_paid_content":false,"footnotes":""},"categories":[58],"tags":[],"class_list":["post-4074","post","type-post","status-publish","format-standard","has-post-thumbnail","hentry","category-ronda-solar-2026-2027"],"jetpack_sharing_enabled":true,"jetpack_featured_media_url":"https:\/\/www.scouts284.org\/wp-content\/uploads\/2026\/08\/IMG-20260805-WA0060r.jpg","_links":{"self":[{"href":"https:\/\/www.scouts284.org\/index.php\/wp-json\/wp\/v2\/posts\/4074","targetHints":{"allow":["GET"]}}],"collection":[{"href":"https:\/\/www.scouts284.org\/index.php\/wp-json\/wp\/v2\/posts"}],"about":[{"href":"https:\/\/www.scouts284.org\/index.php\/wp-json\/wp\/v2\/types\/post"}],"author":[{"embeddable":true,"href":"https:\/\/www.scouts284.org\/index.php\/wp-json\/wp\/v2\/users\/2"}],"replies":[{"embeddable":true,"href":"https:\/\/www.scouts284.org\/index.php\/wp-json\/wp\/v2\/comments?post=4074"}],"version-history":[{"count":8,"href":"https:\/\/www.scouts284.org\/index.php\/wp-json\/wp\/v2\/posts\/4074\/revisions"}],"predecessor-version":[{"id":4088,"href":"https:\/\/www.scouts284.org\/index.php\/wp-json\/wp\/v2\/posts\/4074\/revisions\/4088"}],"wp:featuredmedia":[{"embeddable":true,"href":"https:\/\/www.scouts284.org\/index.php\/wp-json\/wp\/v2\/media\/4087"}],"wp:attachment":[{"href":"https:\/\/www.scouts284.org\/index.php\/wp-json\/wp\/v2\/media?parent=4074"}],"wp:term":[{"taxonomy":"category","embeddable":true,"href":"https:\/\/www.scouts284.org\/index.php\/wp-json\/wp\/v2\/categories?post=4074"},{"taxonomy":"post_tag","embeddable":true,"href":"https:\/\/www.scouts284.org\/index.php\/wp-json\/wp\/v2\/tags?post=4074"}],"curies":[{"name":"wp","href":"https:\/\/api.w.org\/{rel}","templated":true}]}}