{"id":3504,"date":"2025-06-08T12:03:36","date_gmt":"2025-06-08T10:03:36","guid":{"rendered":"https:\/\/www.scouts284.org\/?p=3504"},"modified":"2025-06-08T18:40:33","modified_gmt":"2025-06-08T16:40:33","slug":"viejos-lobos-284","status":"publish","type":"post","link":"https:\/\/www.scouts284.org\/index.php\/2025\/06\/08\/viejos-lobos-284\/","title":{"rendered":"\u00a1Viejos Lobos 284!"},"content":{"rendered":"<p>Atenci\u00f3n scouts: Siempre&#8230; &#8211; \u00a1Listos! &#8211; Unidos&#8230;<\/p>\n<p>Si te sale gritar \u00ab\u00a1Uniremos!\u00bb es que eres un Viejo Lobo del 284. \u00bfTe gustar\u00eda volver unos d\u00edas a participar en un campamento de verano? \u00a1Pues esta es la ocasi\u00f3n!<\/p>\n<p>Con motivo del 50 aniversario del Grupo, este a\u00f1o en campamento habr\u00e1 durante 5 d\u00edas una unidad especial en campamento: la unidad de Viejos Lobos. \u00a1Date prisa! Tienes <span style=\"color: #ff0000;\"><strong>hasta el d\u00eda 15 de junio a las 23:59<\/strong><\/span> para apuntarte.<\/p>\n<p><strong>\u00bfQui\u00e9n puede participar?<\/strong> Personas que han formado parte del Grupo Scout 284 en alg\u00fan momento de su historia, y sus hijos\/as si son menores que los Castores (es decir, tienen que haber nacido en 2018 o posteriormente). Ni\u00f1os y ni\u00f1as en edad de pertenecer al Grupo no podr\u00e1n formar parte de la unidad de Viejos Lobos.<\/p>\n<p><strong>\u00bfQu\u00e9 d\u00edas habr\u00e1 unidad de Viejos Lobos?<\/strong> Desde el jueves 24 (llegada antes de cenar) al lunes 28 (salida despu\u00e9s de desayunar), pero no es necesario asistir todos los d\u00edas. En esos d\u00edas caen el D\u00eda de Familias (s\u00e1bado 26), el Festival de la Canci\u00f3n (noche del 26) y el Fuego de Campamento (noche del domingo 27).<\/p>\n<p><strong>\u00bfC\u00f3mo funcionar\u00e1 esta unidad?<\/strong> Debe ser un ejemplo para los scouts: cumplir los horarios de campamento, participar en izadas y arriadas, disfrutar de la comida de campamento (eso s\u00ed, por limitaci\u00f3n de espacio comer\u00e1n en el segundo turno, el de scouters y Caba\u00f1a), dormir en campamento, pedir permiso al jefe de campo para salir y entrar en campamento y tener sus propias actividades. Estas actividades (que pueden incluir excursiones, preparar su propia canci\u00f3n para el Festival y una actuaci\u00f3n para el Fuego&#8230;) tendr\u00e1n que programarlas entre los propios miembros, una vez que se sepa qui\u00e9nes van a ser los miembros de la unidad (tras la pre-inscripci\u00f3n).<\/p>\n<p><strong>\u00bfQu\u00e9 hay que hacer para apuntarse?<\/strong> Para hacer posible que los futuros miembros de la unidad de Viejos Lobos se organicen entre ellos antes del campamento, y para ir adelantando algunas gestiones, el proceso consta de 2 partes:<\/p>\n<ol>\n<li>La <strong>Pre-inscripci\u00f3n<\/strong>, en la que se piden los datos b\u00e1sicos y algunos documentos obligatorios por motivos legales. Este paso es s\u00f3lo para Viejos Lobos.<\/li>\n<li>La <strong>Inscripci\u00f3n<\/strong> que cumplimentan todos los asistentes a campamento, en el periodo de secretar\u00eda (del 26 de junio al 3 de julio).<\/li>\n<\/ol>\n<p><img loading=\"lazy\" decoding=\"async\" src=\"https:\/\/www.scouts284.org\/wp-content\/uploads\/2025\/06\/Infografia_Viejos_Lobos.jpg\" alt=\"\" width=\"754\" height=\"1600\" class=\"aligncenter size-full wp-image-3506\" \/><\/p>\n<p>Toda la informaci\u00f3n la tienes en el <strong>formulario de Pre-inscripci\u00f3n<\/strong>:<br \/>\n<a href=\"https:\/\/forms.gle\/xCFLJksdix8pc52d8\">https:\/\/forms.gle\/xCFLJksdix8pc52d8<\/a><\/p>\n<p>Para cualquier duda escr\u00edbenos a:<br \/>\n<a href=\"mailto:50aniversario@scouts284.org.in\">50aniversario@scouts284.org.in<\/a><\/p>\n<p>\u00a1\u00a1Te esperamos!!<\/p>\n<p>SLPS<\/p>\n","protected":false},"excerpt":{"rendered":"<p>Atenci\u00f3n scouts: Siempre&#8230; &#8211; \u00a1Listos! &#8211; Unidos&#8230; Si te sale gritar \u00ab\u00a1Uniremos!\u00bb es que eres un Viejo Lobo del 284. \u00bfTe gustar\u00eda volver unos d\u00edas a participar en un campamento de verano? \u00a1Pues esta es la ocasi\u00f3n! Con motivo del 50 aniversario del Grupo, este a\u00f1o en campamento habr\u00e1 durante [&hellip;]<\/p>\n","protected":false},"author":2,"featured_media":0,"comment_status":"closed","ping_status":"open","sticky":false,"template":"","format":"standard","meta":{"_jetpack_memberships_contains_paid_content":false,"footnotes":""},"categories":[55],"tags":[],"class_list":["post-3504","post","type-post","status-publish","format-standard","hentry","category-campamento-2025"],"jetpack_featured_media_url":"","jetpack_sharing_enabled":true,"_links":{"self":[{"href":"https:\/\/www.scouts284.org\/index.php\/wp-json\/wp\/v2\/posts\/3504","targetHints":{"allow":["GET"]}}],"collection":[{"href":"https:\/\/www.scouts284.org\/index.php\/wp-json\/wp\/v2\/posts"}],"about":[{"href":"https:\/\/www.scouts284.org\/index.php\/wp-json\/wp\/v2\/types\/post"}],"author":[{"embeddable":true,"href":"https:\/\/www.scouts284.org\/index.php\/wp-json\/wp\/v2\/users\/2"}],"replies":[{"embeddable":true,"href":"https:\/\/www.scouts284.org\/index.php\/wp-json\/wp\/v2\/comments?post=3504"}],"version-history":[{"count":6,"href":"https:\/\/www.scouts284.org\/index.php\/wp-json\/wp\/v2\/posts\/3504\/revisions"}],"predecessor-version":[{"id":3513,"href":"https:\/\/www.scouts284.org\/index.php\/wp-json\/wp\/v2\/posts\/3504\/revisions\/3513"}],"wp:attachment":[{"href":"https:\/\/www.scouts284.org\/index.php\/wp-json\/wp\/v2\/media?parent=3504"}],"wp:term":[{"taxonomy":"category","embeddable":true,"href":"https:\/\/www.scouts284.org\/index.php\/wp-json\/wp\/v2\/categories?post=3504"},{"taxonomy":"post_tag","embeddable":true,"href":"https:\/\/www.scouts284.org\/index.php\/wp-json\/wp\/v2\/tags?post=3504"}],"curies":[{"name":"wp","href":"https:\/\/api.w.org\/{rel}","templated":true}]}}