{"id":2895,"date":"2023-09-29T00:19:06","date_gmt":"2023-09-28T22:19:06","guid":{"rendered":"http:\/\/www.scouts284.org\/?p=2895"},"modified":"2023-09-29T00:32:32","modified_gmt":"2023-09-28T22:32:32","slug":"comenzamos-la-ronda-solar-2023-2024","status":"publish","type":"post","link":"https:\/\/www.scouts284.org\/index.php\/2023\/09\/29\/comenzamos-la-ronda-solar-2023-2024\/","title":{"rendered":"\u00a1Comenzamos la Ronda Solar 2023-2024!"},"content":{"rendered":"\n<p>\u00a1Buenos d\u00edas, familias!<\/p>\n\n\n\n<p>\u00bfSe ha hecho largo el verano y el comienzo del curso? \u00a1Por fin empezamos las actividades del Grupo Scout!<\/p>\n\n\n\n<p>Os invitamos a la Inauguraci\u00f3n de la Ronda Solar 2023 -2024, que tendr\u00e1 lugar en la parroquia el pr\u00f3ximo d\u00eda <strong>7 de octubre (s\u00e1bado)<\/strong>.<\/p>\n\n\n\n<p>Comenzaremos a las <strong>17:00<\/strong> y, como es habitual, tendremos una primera parte donde, como Asamblea anual de la Asociaci\u00f3n, compartiremos lo m\u00e1s significativo de la Ronda Solar y presentaremos las cuentas del curso 2022-2023 para su aprobaci\u00f3n.<\/p>\n\n\n\n<p>Y para terminar presentaremos a los <strong>nuevos equipos de Scouters<\/strong>. Estos nuevos equipos ya est\u00e1n formados y han empezado a prepararse para esta importante actividad de educaci\u00f3n en valores que hacemos en colaboraci\u00f3n con cada familia. El pasado fin de semana, todos los scouters dedicaron el fin de semana a preparar esta nueva Ronda Solar.<\/p>\n\n\n\n<p>Los scouters (o monitores, o \u00abjefes\u00bb) son j\u00f3venes con edades entre 19 y 25 a\u00f1os, casi todos estudiantes aunque alguno ya est\u00e1 trabajando. Han decidido dedicar una gran parte de su tiempo libre a ser los \u00abhermanos mayores\u00bb de los que llamar\u00e1n \u00absus ni\u00f1os\u00bb. Su entrega valiente y generosa es la que hace posible que el Grupo Scout siga existiendo. Muchas veces se dice que la juventud actual es ego\u00edsta y no tiene valores ni ganas de trabajar, pero aqu\u00ed tenemos a unos j\u00f3venes que van a dejarse la piel al servicio de sus chavales, y no s\u00f3lo sin ganar dinero, sino pagando lo mismo que los ni\u00f1os por cada actividad. Lo hacen porque han descubierto <em>el secreto de la felicidad<\/em> que, como dec\u00eda Baden Powell, <em>es intentar hacer felices a los dem\u00e1s<\/em>. Todav\u00eda no podemos desvelar qui\u00e9nes ser\u00e1n los scouters de cada unidad, pero os adelantamos la foto de familia de la acampada:<\/p>\n\n\n<div class=\"wp-block-image\">\n<figure class=\"aligncenter\"><a href=\"https:\/\/www.scouts284.org\/wp-content\/uploads\/2023\/09\/IMG_6447_DxOr.jpg\" target=\"_blank\" rel=\"noopener\"><img loading=\"lazy\" decoding=\"async\" width=\"5749\" height=\"3234\" src=\"https:\/\/www.scouts284.org\/wp-content\/uploads\/2023\/09\/IMG_6447_DxOr.jpg\" alt=\"\" class=\"wp-image-2896\"\/><\/a><\/figure>\n<\/div>\n\n\n<p>\u00a1Esperamos veros a todos en la inauguraci\u00f3n!<\/p>\n\n\n\n<p>\u00a1Un fuerte apret\u00f3n de mano izquierda!<\/p>\n\n\n\n<p>SLPS<\/p>\n","protected":false},"excerpt":{"rendered":"<p>\u00a1Buenos d\u00edas, familias! \u00bfSe ha hecho largo el verano y el comienzo del curso? \u00a1Por fin empezamos las actividades del Grupo Scout! Os invitamos a la Inauguraci\u00f3n de la Ronda Solar 2023 -2024, que tendr\u00e1 lugar en la parroquia el pr\u00f3ximo d\u00eda 7 de octubre (s\u00e1bado). Comenzaremos a las 17:00 [&hellip;]<\/p>\n","protected":false},"author":2,"featured_media":0,"comment_status":"closed","ping_status":"open","sticky":false,"template":"","format":"standard","meta":{"_jetpack_memberships_contains_paid_content":false,"footnotes":""},"categories":[51],"tags":[],"class_list":["post-2895","post","type-post","status-publish","format-standard","hentry","category-ronda-solar-2023-2024"],"jetpack_featured_media_url":"","jetpack_sharing_enabled":true,"_links":{"self":[{"href":"https:\/\/www.scouts284.org\/index.php\/wp-json\/wp\/v2\/posts\/2895","targetHints":{"allow":["GET"]}}],"collection":[{"href":"https:\/\/www.scouts284.org\/index.php\/wp-json\/wp\/v2\/posts"}],"about":[{"href":"https:\/\/www.scouts284.org\/index.php\/wp-json\/wp\/v2\/types\/post"}],"author":[{"embeddable":true,"href":"https:\/\/www.scouts284.org\/index.php\/wp-json\/wp\/v2\/users\/2"}],"replies":[{"embeddable":true,"href":"https:\/\/www.scouts284.org\/index.php\/wp-json\/wp\/v2\/comments?post=2895"}],"version-history":[{"count":3,"href":"https:\/\/www.scouts284.org\/index.php\/wp-json\/wp\/v2\/posts\/2895\/revisions"}],"predecessor-version":[{"id":2903,"href":"https:\/\/www.scouts284.org\/index.php\/wp-json\/wp\/v2\/posts\/2895\/revisions\/2903"}],"wp:attachment":[{"href":"https:\/\/www.scouts284.org\/index.php\/wp-json\/wp\/v2\/media?parent=2895"}],"wp:term":[{"taxonomy":"category","embeddable":true,"href":"https:\/\/www.scouts284.org\/index.php\/wp-json\/wp\/v2\/categories?post=2895"},{"taxonomy":"post_tag","embeddable":true,"href":"https:\/\/www.scouts284.org\/index.php\/wp-json\/wp\/v2\/tags?post=2895"}],"curies":[{"name":"wp","href":"https:\/\/api.w.org\/{rel}","templated":true}]}}